{"id":2344,"date":"2024-06-09T10:04:58","date_gmt":"2024-06-09T08:04:58","guid":{"rendered":"https:\/\/www.g-imagine.ch\/fr\/?p=2344"},"modified":"2024-06-09T10:10:12","modified_gmt":"2024-06-09T08:10:12","slug":"identite-visuelle-patricia-vicente","status":"publish","type":"post","link":"https:\/\/www.g-imagine.ch\/fr\/identite-visuelle-patricia-vicente\/","title":{"rendered":"Identit\u00e9 visuelle Patricia Vicente"},"content":{"rendered":"\t\t<div data-elementor-type=\"wp-post\" data-elementor-id=\"2344\" class=\"elementor elementor-2344\">\n\t\t\t\t\t\t<section class=\"elementor-section elementor-top-section elementor-element elementor-element-1e26816b elementor-section-boxed elementor-section-height-default elementor-section-height-default\" data-id=\"1e26816b\" data-element_type=\"section\">\n\t\t\t\t\t\t<div class=\"elementor-container elementor-column-gap-default\">\n\t\t\t\t\t<div class=\"elementor-column elementor-col-100 elementor-top-column elementor-element elementor-element-38249489\" data-id=\"38249489\" data-element_type=\"column\">\n\t\t\t<div class=\"elementor-widget-wrap\">\n\t\t\t\t\t\t\t<\/div>\n\t\t<\/div>\n\t\t\t\t\t<\/div>\n\t\t<\/section>\n\t\t\t\t<section class=\"elementor-section elementor-top-section elementor-element elementor-element-47fcec3d elementor-section-boxed elementor-section-height-default elementor-section-height-default\" data-id=\"47fcec3d\" data-element_type=\"section\">\n\t\t\t\t\t\t<div class=\"elementor-container elementor-column-gap-default\">\n\t\t\t\t\t<div class=\"elementor-column elementor-col-100 elementor-top-column elementor-element elementor-element-45953af2\" data-id=\"45953af2\" data-element_type=\"column\">\n\t\t\t<div class=\"elementor-widget-wrap elementor-element-populated\">\n\t\t\t\t\t\t<div class=\"elementor-element elementor-element-7220b9ff elementor-widget-divider--view-line elementor-widget elementor-widget-divider\" data-id=\"7220b9ff\" data-element_type=\"widget\" data-widget_type=\"divider.default\">\n\t\t\t\t<div class=\"elementor-widget-container\">\n\t\t\t\t\t<div class=\"elementor-divider\">\n\t\t\t<span class=\"elementor-divider-separator\">\n\t\t\t\t\t\t<\/span>\n\t\t<\/div>\n\t\t\t\t<\/div>\n\t\t\t\t<\/div>\n\t\t\t\t\t<\/div>\n\t\t<\/div>\n\t\t\t\t\t<\/div>\n\t\t<\/section>\n\t\t\t\t<section class=\"elementor-section elementor-top-section elementor-element elementor-element-53477192 animated-slow elementor-section-boxed elementor-section-height-default elementor-section-height-default elementor-invisible\" data-id=\"53477192\" data-element_type=\"section\" data-settings=\"{&quot;animation&quot;:&quot;fadeInRight&quot;}\">\n\t\t\t\t\t\t<div class=\"elementor-container elementor-column-gap-default\">\n\t\t\t\t\t<div class=\"elementor-column elementor-col-66 elementor-top-column elementor-element elementor-element-3d193f8\" data-id=\"3d193f8\" data-element_type=\"column\">\n\t\t\t<div class=\"elementor-widget-wrap elementor-element-populated\">\n\t\t\t\t\t\t<div class=\"elementor-element elementor-element-443e40ef elementor-widget elementor-widget-image\" data-id=\"443e40ef\" data-element_type=\"widget\" data-widget_type=\"image.default\">\n\t\t\t\t<div class=\"elementor-widget-container\">\n\t\t\t\t\t\t\t\t\t\t\t\t\t<img fetchpriority=\"high\" decoding=\"async\" width=\"940\" height=\"705\" src=\"https:\/\/www.g-imagine.ch\/fr\/wp-content\/uploads\/2024\/06\/Guideline_patriciavicente_g-imagine-1024x768.png\" class=\"attachment-large size-large wp-image-2345\" alt=\"\" srcset=\"https:\/\/www.g-imagine.ch\/fr\/wp-content\/uploads\/2024\/06\/Guideline_patriciavicente_g-imagine-1024x768.png 1024w, https:\/\/www.g-imagine.ch\/fr\/wp-content\/uploads\/2024\/06\/Guideline_patriciavicente_g-imagine-300x225.png 300w, https:\/\/www.g-imagine.ch\/fr\/wp-content\/uploads\/2024\/06\/Guideline_patriciavicente_g-imagine-768x576.png 768w, https:\/\/www.g-imagine.ch\/fr\/wp-content\/uploads\/2024\/06\/Guideline_patriciavicente_g-imagine-1536x1152.png 1536w, https:\/\/www.g-imagine.ch\/fr\/wp-content\/uploads\/2024\/06\/Guideline_patriciavicente_g-imagine-2048x1536.png 2048w, https:\/\/www.g-imagine.ch\/fr\/wp-content\/uploads\/2024\/06\/Guideline_patriciavicente_g-imagine-16x12.png 16w\" sizes=\"(max-width: 940px) 100vw, 940px\" \/>\t\t\t\t\t\t\t\t\t\t\t\t\t<\/div>\n\t\t\t\t<\/div>\n\t\t\t\t\t<\/div>\n\t\t<\/div>\n\t\t\t\t<div class=\"elementor-column elementor-col-33 elementor-top-column elementor-element elementor-element-4de99f1b\" data-id=\"4de99f1b\" data-element_type=\"column\">\n\t\t\t<div class=\"elementor-widget-wrap elementor-element-populated\">\n\t\t\t\t\t\t<div class=\"elementor-element elementor-element-59ed4f83 elementor-widget elementor-widget-heading\" data-id=\"59ed4f83\" data-element_type=\"widget\" data-widget_type=\"heading.default\">\n\t\t\t\t<div class=\"elementor-widget-container\">\n\t\t\t<h2 class=\"elementor-heading-title elementor-size-default\">Cr\u00e9ation de l'identit\u00e9 visuelle de Patricia Vicente - Voix off<\/h2>\t\t<\/div>\n\t\t\t\t<\/div>\n\t\t\t\t<div class=\"elementor-element elementor-element-459672e7 elementor-icon-list--layout-traditional elementor-list-item-link-full_width elementor-widget elementor-widget-icon-list\" data-id=\"459672e7\" data-element_type=\"widget\" data-widget_type=\"icon-list.default\">\n\t\t\t\t<div class=\"elementor-widget-container\">\n\t\t\t\t\t<ul class=\"elementor-icon-list-items\">\n\t\t\t\t\t\t\t<li class=\"elementor-icon-list-item\">\n\t\t\t\t\t\t\t\t\t\t\t<span class=\"elementor-icon-list-icon\">\n\t\t\t\t\t\t\t<i aria-hidden=\"true\" class=\"fas fa-check\"><\/i>\t\t\t\t\t\t<\/span>\n\t\t\t\t\t\t\t\t\t\t<span class=\"elementor-icon-list-text\">Logo cr\u00e9ation<\/span>\n\t\t\t\t\t\t\t\t\t<\/li>\n\t\t\t\t\t\t\t\t<li class=\"elementor-icon-list-item\">\n\t\t\t\t\t\t\t\t\t\t\t<span class=\"elementor-icon-list-icon\">\n\t\t\t\t\t\t\t<i aria-hidden=\"true\" class=\"far fa-address-card\"><\/i>\t\t\t\t\t\t<\/span>\n\t\t\t\t\t\t\t\t\t\t<span class=\"elementor-icon-list-text\">Lausanne<\/span>\n\t\t\t\t\t\t\t\t\t<\/li>\n\t\t\t\t\t\t<\/ul>\n\t\t\t\t<\/div>\n\t\t\t\t<\/div>\n\t\t\t\t<div class=\"elementor-element elementor-element-7116d763 elementor-widget elementor-widget-text-editor\" data-id=\"7116d763\" data-element_type=\"widget\" data-widget_type=\"text-editor.default\">\n\t\t\t\t<div class=\"elementor-widget-container\">\n\t\t\t\t\t\t\t<p><b>Patricia Vicente &#8211; Com\u00e9dienne voix-off en Suisse<\/b><\/p><p>\u00a0<\/p><p>\u00a0<\/p><p>\u00a0<\/p><p>\u00a0<\/p>\t\t\t\t\t\t<\/div>\n\t\t\t\t<\/div>\n\t\t\t\t\t<\/div>\n\t\t<\/div>\n\t\t\t\t\t<\/div>\n\t\t<\/section>\n\t\t\t\t<\/div>\n\t\t","protected":false},"excerpt":{"rendered":"<p>Cr\u00e9ation de l&#8217;identit\u00e9 visuelle de Patricia Vicente &#8211; Voix off Logo cr\u00e9ation Lausanne Patricia Vicente &#8211; Com\u00e9dienne voix-off en Suisse \u00a0 \u00a0 \u00a0 \u00a0<\/p>\n","protected":false},"author":1,"featured_media":2345,"comment_status":"open","ping_status":"open","sticky":false,"template":"","format":"standard","meta":{"_monsterinsights_skip_tracking":false,"_monsterinsights_sitenote_active":false,"_monsterinsights_sitenote_note":"","_monsterinsights_sitenote_category":0,"footnotes":""},"categories":[14,18],"tags":[],"yst_prominent_words":[],"class_list":["post-2344","post","type-post","status-publish","format-standard","has-post-thumbnail","hentry","category-all","category-print"],"yoast_head":"<!-- This site is optimized with the Yoast SEO Premium plugin v14.1 - https:\/\/yoast.com\/wordpress\/plugins\/seo\/ -->\n<meta name=\"robots\" content=\"index, follow\" \/>\n<meta name=\"googlebot\" content=\"index, follow, max-snippet:-1, max-image-preview:large, max-video-preview:-1\" \/>\n<meta name=\"bingbot\" content=\"index, follow, max-snippet:-1, max-image-preview:large, max-video-preview:-1\" \/>\n<link rel=\"canonical\" href=\"https:\/\/www.g-imagine.ch\/fr\/identite-visuelle-patricia-vicente\/\" \/>\n<meta property=\"og:locale\" content=\"fr_FR\" \/>\n<meta property=\"og:type\" content=\"article\" \/>\n<meta property=\"og:title\" content=\"Identit\u00e9 visuelle Patricia Vicente - www.g-imagine.ch\/fr\" \/>\n<meta property=\"og:description\" content=\"Cr\u00e9ation de l&#8217;identit\u00e9 visuelle de Patricia Vicente &#8211; Voix off Logo cr\u00e9ation Lausanne Patricia Vicente &#8211; Com\u00e9dienne voix-off en Suisse \u00a0 \u00a0 \u00a0 \u00a0\" \/>\n<meta property=\"og:url\" content=\"https:\/\/www.g-imagine.ch\/fr\/identite-visuelle-patricia-vicente\/\" \/>\n<meta property=\"og:site_name\" content=\"www.g-imagine.ch\/fr\" \/>\n<meta property=\"article:publisher\" content=\"https:\/\/www.facebook.com\/G-imagine-1393205874103104\/\" \/>\n<meta property=\"article:published_time\" content=\"2024-06-09T08:04:58+00:00\" \/>\n<meta property=\"article:modified_time\" content=\"2024-06-09T08:10:12+00:00\" \/>\n<meta property=\"og:image\" content=\"https:\/\/www.g-imagine.ch\/fr\/wp-content\/uploads\/2024\/06\/Guideline_patriciavicente_g-imagine-1024x768.png\" \/>\n\t<meta property=\"og:image:width\" content=\"1024\" \/>\n\t<meta property=\"og:image:height\" content=\"768\" \/>\n<meta name=\"twitter:card\" content=\"summary\" \/>\n<script type=\"application\/ld+json\" class=\"yoast-schema-graph\">{\"@context\":\"https:\/\/schema.org\",\"@graph\":[{\"@type\":\"WebSite\",\"@id\":\"https:\/\/www.g-imagine.ch\/fr\/#website\",\"url\":\"https:\/\/www.g-imagine.ch\/fr\/\",\"name\":\"www.g-imagine.ch\/fr\",\"description\":\"Print &amp; Digital Project\",\"potentialAction\":[{\"@type\":\"SearchAction\",\"target\":\"https:\/\/www.g-imagine.ch\/fr\/?s={search_term_string}\",\"query-input\":\"required name=search_term_string\"}],\"inLanguage\":\"fr-FR\"},{\"@type\":\"ImageObject\",\"@id\":\"https:\/\/www.g-imagine.ch\/fr\/identite-visuelle-patricia-vicente\/#primaryimage\",\"inLanguage\":\"fr-FR\",\"url\":\"https:\/\/www.g-imagine.ch\/fr\/wp-content\/uploads\/2024\/06\/Guideline_patriciavicente_g-imagine.png\",\"width\":3000,\"height\":2250},{\"@type\":\"WebPage\",\"@id\":\"https:\/\/www.g-imagine.ch\/fr\/identite-visuelle-patricia-vicente\/#webpage\",\"url\":\"https:\/\/www.g-imagine.ch\/fr\/identite-visuelle-patricia-vicente\/\",\"name\":\"Identit\\u00e9 visuelle Patricia Vicente - www.g-imagine.ch\/fr\",\"isPartOf\":{\"@id\":\"https:\/\/www.g-imagine.ch\/fr\/#website\"},\"primaryImageOfPage\":{\"@id\":\"https:\/\/www.g-imagine.ch\/fr\/identite-visuelle-patricia-vicente\/#primaryimage\"},\"datePublished\":\"2024-06-09T08:04:58+00:00\",\"dateModified\":\"2024-06-09T08:10:12+00:00\",\"author\":{\"@id\":\"https:\/\/www.g-imagine.ch\/fr\/#\/schema\/person\/244470bba57af9539934cf31020fbea2\"},\"inLanguage\":\"fr-FR\",\"potentialAction\":[{\"@type\":\"ReadAction\",\"target\":[\"https:\/\/www.g-imagine.ch\/fr\/identite-visuelle-patricia-vicente\/\"]}]},{\"@type\":[\"Person\"],\"@id\":\"https:\/\/www.g-imagine.ch\/fr\/#\/schema\/person\/244470bba57af9539934cf31020fbea2\",\"name\":\"noetest\",\"image\":{\"@type\":\"ImageObject\",\"@id\":\"https:\/\/www.g-imagine.ch\/fr\/#personlogo\",\"inLanguage\":\"fr-FR\",\"url\":\"https:\/\/secure.gravatar.com\/avatar\/76c150d4a8e0ade2074ef2341005154d?s=96&d=mm&r=g\",\"caption\":\"noetest\"}}]}<\/script>\n<!-- \/ Yoast SEO Premium plugin. -->","_links":{"self":[{"href":"https:\/\/www.g-imagine.ch\/fr\/wp-json\/wp\/v2\/posts\/2344"}],"collection":[{"href":"https:\/\/www.g-imagine.ch\/fr\/wp-json\/wp\/v2\/posts"}],"about":[{"href":"https:\/\/www.g-imagine.ch\/fr\/wp-json\/wp\/v2\/types\/post"}],"author":[{"embeddable":true,"href":"https:\/\/www.g-imagine.ch\/fr\/wp-json\/wp\/v2\/users\/1"}],"replies":[{"embeddable":true,"href":"https:\/\/www.g-imagine.ch\/fr\/wp-json\/wp\/v2\/comments?post=2344"}],"version-history":[{"count":4,"href":"https:\/\/www.g-imagine.ch\/fr\/wp-json\/wp\/v2\/posts\/2344\/revisions"}],"predecessor-version":[{"id":2350,"href":"https:\/\/www.g-imagine.ch\/fr\/wp-json\/wp\/v2\/posts\/2344\/revisions\/2350"}],"wp:featuredmedia":[{"embeddable":true,"href":"https:\/\/www.g-imagine.ch\/fr\/wp-json\/wp\/v2\/media\/2345"}],"wp:attachment":[{"href":"https:\/\/www.g-imagine.ch\/fr\/wp-json\/wp\/v2\/media?parent=2344"}],"wp:term":[{"taxonomy":"category","embeddable":true,"href":"https:\/\/www.g-imagine.ch\/fr\/wp-json\/wp\/v2\/categories?post=2344"},{"taxonomy":"post_tag","embeddable":true,"href":"https:\/\/www.g-imagine.ch\/fr\/wp-json\/wp\/v2\/tags?post=2344"},{"taxonomy":"yst_prominent_words","embeddable":true,"href":"https:\/\/www.g-imagine.ch\/fr\/wp-json\/wp\/v2\/yst_prominent_words?post=2344"}],"curies":[{"name":"wp","href":"https:\/\/api.w.org\/{rel}","templated":true}]}}